{"id":24,"date":"2021-07-06T02:01:00","date_gmt":"2021-07-06T00:01:00","guid":{"rendered":"https:\/\/niedersachsen.klimaliste.org\/?p=24"},"modified":"2024-05-30T02:02:59","modified_gmt":"2024-05-30T00:02:59","slug":"gruendung-der-bundespartei-klimaliste-deutschland","status":"publish","type":"post","link":"https:\/\/niedersachsen.klimaliste.org\/?p=24","title":{"rendered":"Gr\u00fcndung der Bundespartei Klimaliste Deutschland"},"content":{"rendered":"\n<p>Klimaliste Niedersachsen erfreut \u00fcber die Gr\u00fcndung der Bundespartei Landespartei soll im Herbst folgen<\/p>\n\n\n\n<p>Klimaaktivist*innen und Wissenschaftler*innen haben am 19. Juni 2021 in Leipzig die Bundespartei Klimaliste Deutschland gegr\u00fcndet. Zwei der Gr\u00fcndungsmitglieder kommen aus Niedersachsen. Arthur Lempert aus Schee\u00dfel und Dr. Christian Wolf aus Sch\u00fcttorf waren in Leipzig dabei. Wolf wurde zudem als Beisitzer in den neuen achtk\u00f6pfigen Vorstand der Bundespartei gew\u00e4hlt. \u201eIch bin hocherfreut, dass mit meinem nieders\u00e4chsischen Kollegen Dr. Christian Wolf ein promovierter Polarforscher mit im Vorstand der Bundespartei sitzt\u201c, kommentiert Lempert die Gr\u00fcndungsveranstaltung. \u201eWir in Niedersachsen wollen nach den Kommunalwahlen eine Landespartei gr\u00fcnden und diese von der Bundespartei anerkennen lassen\u201c, sagt Lempert weiter. Lempert, der auch auf der Pressekonferenz in Berlin zur Parteigr\u00fcndung anwesend war, zeigt sich zufrieden mit der klaren Fokussierung der Partei, deren Forderungen und Ziele wissenschaftlich erarbeitet und untermauert sind. Mit der Gr\u00fcndung der Partei reagieren die Klimasch\u00fctzer*innen auf die Tatsache, dass auf Bundesebene immer noch keine Partei existiert, die ein Programm zur konsequenten Eind\u00e4mmung der Klimaerw\u00e4rmung vorgelegt hat. \u201eWir von der Klimaliste haben genug von den halbherzigen Versprechungen und den Hinhaltetaktiken der etablierten Parteien. Wir wollen endlich richtigen Klimaschutz, bevor es zu sp\u00e4t ist\u201c, sagt Wolf. \u201eUm die Erderw\u00e4rmung m\u00f6glichst niedrig zu halten, m\u00fcssen wir jetzt schnellstm\u00f6glich klimaneutral werden, denn jedes zehntel Grad z\u00e4hlt\u201c, so Wolf weiter. In den n\u00e4chsten zwei Wochen werden die Direktkandidat*innen f\u00fcr die Bundestagswahl erfasst und bekannt gegeben. \u201eF\u00fcr uns Klimaaktivist*innen in Niedersachsen wird es ein gro\u00dfer Kraftakt, den Bundestagswahlkampf und den Kommunalwahlkampf zu bestreiten\u201c, erkl\u00e4rt Jens Dreves, Mitglied der Klimaliste aus Seevetal. \u201eWir werden alles geben, um m\u00f6glichst viele von uns in die Stadt- und Gemeindeparlamente einziehen zu lassen\u201c, motiviert Dreves weiter. Zusammen mit der Bundespartei wird an einer Strategie zur Unterst\u00fctzung der Kandidaten gearbeitet. Das ist f\u00fcr die Klimabewegung in Niedersachsen sehr wichtig und wertvoll. Die Zeit zu handeln ist jetzt! Wir brauchen mutige und weitreichende Ma\u00dfnahmen, um die Ziele des Pariser Klimaabkommens noch erreichen zu k\u00f6nnen. Wir von der Klimaliste Niedersachsen stellen uns hoffnungsvoll dieser Mammutaufgabe, und das gemeinsam mit der Bundespartei.<\/p>\n","protected":false},"excerpt":{"rendered":"<p> [&hellip;]<\/p>\n","protected":false},"author":1,"featured_media":0,"comment_status":"open","ping_status":"open","sticky":false,"template":"","format":"standard","meta":{"footnotes":""},"categories":[6],"tags":[],"coauthors":[4],"class_list":["post-24","post","type-post","status-publish","format-standard","hentry","category-pressemitteilungen"],"_links":{"self":[{"href":"https:\/\/niedersachsen.klimaliste.org\/index.php?rest_route=\/wp\/v2\/posts\/24"}],"collection":[{"href":"https:\/\/niedersachsen.klimaliste.org\/index.php?rest_route=\/wp\/v2\/posts"}],"about":[{"href":"https:\/\/niedersachsen.klimaliste.org\/index.php?rest_route=\/wp\/v2\/types\/post"}],"author":[{"embeddable":true,"href":"https:\/\/niedersachsen.klimaliste.org\/index.php?rest_route=\/wp\/v2\/users\/1"}],"replies":[{"embeddable":true,"href":"https:\/\/niedersachsen.klimaliste.org\/index.php?rest_route=%2Fwp%2Fv2%2Fcomments&post=24"}],"version-history":[{"count":1,"href":"https:\/\/niedersachsen.klimaliste.org\/index.php?rest_route=\/wp\/v2\/posts\/24\/revisions"}],"predecessor-version":[{"id":25,"href":"https:\/\/niedersachsen.klimaliste.org\/index.php?rest_route=\/wp\/v2\/posts\/24\/revisions\/25"}],"wp:attachment":[{"href":"https:\/\/niedersachsen.klimaliste.org\/index.php?rest_route=%2Fwp%2Fv2%2Fmedia&parent=24"}],"wp:term":[{"taxonomy":"category","embeddable":true,"href":"https:\/\/niedersachsen.klimaliste.org\/index.php?rest_route=%2Fwp%2Fv2%2Fcategories&post=24"},{"taxonomy":"post_tag","embeddable":true,"href":"https:\/\/niedersachsen.klimaliste.org\/index.php?rest_route=%2Fwp%2Fv2%2Ftags&post=24"},{"taxonomy":"author","embeddable":true,"href":"https:\/\/niedersachsen.klimaliste.org\/index.php?rest_route=%2Fwp%2Fv2%2Fcoauthors&post=24"}],"curies":[{"name":"wp","href":"https:\/\/api.w.org\/{rel}","templated":true}]}}